{"id":3120,"date":"2013-05-25T08:57:04","date_gmt":"2013-05-25T08:57:04","guid":{"rendered":"http:\/\/www.trewsitiweb.it\/blog\/?p=3120"},"modified":"2013-05-27T10:25:31","modified_gmt":"2013-05-27T10:25:31","slug":"aperitwitter-guida-pratica-alluso-di-twitter","status":"publish","type":"post","link":"https:\/\/www.trewsitiweb.it\/blog\/news\/aperitwitter-guida-pratica-alluso-di-twitter\/","title":{"rendered":"#AperiTwitter guida pratica all&#8217;uso di Twitter"},"content":{"rendered":"<p><a href=\"http:\/\/www.trewsitiweb.it\/blog\/wp-content\/uploads\/2013\/05\/ma-tu-lo-sai-usare-twitter.jpg\"><img loading=\"lazy\" class=\"aligncenter size-full wp-image-3133\" title=\"ma-tu-lo-sai-usare-twitter\" src=\"http:\/\/www.trewsitiweb.it\/blog\/wp-content\/uploads\/2013\/05\/ma-tu-lo-sai-usare-twitter.jpg\" alt=\"Ma tu lo sai usare Twitter\" width=\"570\" height=\"200\" \/><\/a><\/p>\n<p>Nell&#8217; aprile scorso il filosofo Massimo Cacciari esternava le sue perplessit\u00e0 sull&#8217;utilit\u00e0 dei social network sostendendo che &#8220;<a title=\"La Nuova Venezia\" href=\"http:\/\/nuovavenezia.gelocal.it\/cronaca\/2012\/04\/08\/news\/twitter-e-per-frustrati-e-mi-clonano-1.3786338\" target=\"_blank\">Twitter e Facebook sono per frustrati<\/a>&#8221; scatendando sul quotidiano on line La Nuova un tripudio di commenti e critiche.<\/p>\n<p>I commenti e il dibattito che ne \u00e8 seguito mi ha fatto riflettere su quante persone di una certa generazione, anche se intellettuali, siano estranei a questa realt\u00e0 e al nuovo modo di comunicare dei social media. A parte Facebook che pi\u00f9 o meno tutti utilizzano, il vero dilemma per molti resta <strong>Twitter, cos&#8217;\u00e8? come si usa?<\/strong><\/p>\n<p>Divertente leggere su Yahoo! Answer alcune domande:<\/p>\n<p style=\"text-align: center;\"><a href=\"http:\/\/www.trewsitiweb.it\/blog\/wp-content\/uploads\/2013\/05\/domande-twitter-cosa.png\"><img loading=\"lazy\" class=\"aligncenter  wp-image-3128\" title=\"cos'\u00e8 Twitter?\" src=\"http:\/\/www.trewsitiweb.it\/blog\/wp-content\/uploads\/2013\/05\/domande-twitter-cosa.png\" alt=\"cos'\u00e8 Twitter?\" width=\"570\" height=\"191\" srcset=\"https:\/\/www.trewsitiweb.it\/blog\/wp-content\/uploads\/2013\/05\/domande-twitter-cosa.png 641w, https:\/\/www.trewsitiweb.it\/blog\/wp-content\/uploads\/2013\/05\/domande-twitter-cosa-570x191.png 570w\" sizes=\"(max-width: 570px) 100vw, 570px\" \/><\/a><\/p>\n<p>Per questa ragione noi di Tre W abbiamo pensato che sarebbe stato utile organizzare una serata per spiegare ai nuovi utenti, a chi vuole conoscere Twitter o a chi si \u00e8 iscritto ma fatica a comprenderne l&#8217;utilit\u00e0 a cosa serve, e soprattutto, quali <strong>contenuti<\/strong> si possono comunicare.<\/p>\n<div id=\"attachment_3129\" style=\"width: 580px\" class=\"wp-caption aligncenter\"><a href=\"http:\/\/www.trewsitiweb.it\/blog\/wp-content\/uploads\/2013\/05\/domande-twitter-come.png\"><img aria-describedby=\"caption-attachment-3129\" loading=\"lazy\" class=\" wp-image-3129  \" title=\"Come si usa Twitter?\" src=\"http:\/\/www.trewsitiweb.it\/blog\/wp-content\/uploads\/2013\/05\/domande-twitter-come.png\" alt=\"\" width=\"570\" height=\"242\" srcset=\"https:\/\/www.trewsitiweb.it\/blog\/wp-content\/uploads\/2013\/05\/domande-twitter-come.png 647w, https:\/\/www.trewsitiweb.it\/blog\/wp-content\/uploads\/2013\/05\/domande-twitter-come-470x200.png 470w\" sizes=\"(max-width: 570px) 100vw, 570px\" \/><\/a><p id=\"caption-attachment-3129\" class=\"wp-caption-text\">Come si usa Twitter?<\/p><\/div>\n<p>L&#8217;incontro si svolger\u00e0 nel consueto stile rilassato e amichevole dei nostri <a title=\"1 birra, 2 stuzzichini e 4 chiacchiere sui social media\" href=\"http:\/\/www.trewsitiweb.it\/blog\/news\/come-fare-business-con-i-social-media\/\" target=\"_blank\">#AperiSocial<\/a> e fra un discorso e l&#8217;altro potrete approfittare del delizioso apericena offerto da Teresa e Anna del Caff\u00e9 Ristretto di Orbassano (To).<\/p>\n<p>Vi incuriosisce? Ecco di cosa parleremo:<\/p>\n<ul>\n<li>come si scrive una biografia da inserire nel profilo<\/li>\n<li>chi seguire e perch\u00e8<\/li>\n<li>cosa scrivere analizzando alcuni casi presi direttamente da Twitter<\/li>\n<li>cosa sono gli #hashtag<\/li>\n<\/ul>\n<p style=\"text-align: center;\"><a href=\"http:\/\/www.trewsitiweb.it\/blog\/wp-content\/uploads\/2013\/05\/locandina-aperitwitter.jpg\"><img loading=\"lazy\" class=\"aligncenter  wp-image-3125\" title=\"locandina-aperitwitter\" src=\"http:\/\/www.trewsitiweb.it\/blog\/wp-content\/uploads\/2013\/05\/locandina-aperitwitter.jpg\" alt=\"Locandina Aperitwitter\" width=\"570\" height=\"818\" srcset=\"https:\/\/www.trewsitiweb.it\/blog\/wp-content\/uploads\/2013\/05\/locandina-aperitwitter.jpg 980w, https:\/\/www.trewsitiweb.it\/blog\/wp-content\/uploads\/2013\/05\/locandina-aperitwitter-139x200.jpg 139w, https:\/\/www.trewsitiweb.it\/blog\/wp-content\/uploads\/2013\/05\/locandina-aperitwitter-713x1024.jpg 713w\" sizes=\"(max-width: 570px) 100vw, 570px\" \/><\/a><\/p>\n<p style=\"text-align: center;\">L&#8217;incontro \u00e8 gratuito, per partecipare iscriviti su <a title=\"Iscrizioni AperitTwitter\" href=\"\/http:\/\/aperitwitter.eventbrite.it\/#\" target=\"_blank\">Eventbrite<\/a>.<\/p>\n","protected":false},"excerpt":{"rendered":"<p><span class=\"interior\">Nell&#8217; aprile scorso il filosofo Massimo Cacciari esternava le sue perplessit\u00e0 sull&#8217;utilit\u00e0 dei social network sostendendo che &#8220;Twitter e Facebook sono per frustrati&#8221; scatendando sul quotidiano on line La Nuova un tripudio di commenti e critiche. I commenti e il dibattito che ne \u00e8 seguito mi ha fatto riflettere su quante persone di una certa&hellip;<\/span> <span class=\"more\"><a href=\"https:\/\/www.trewsitiweb.it\/blog\/news\/aperitwitter-guida-pratica-alluso-di-twitter\/\">Leggi&#8230;<\/a><\/span>\n","protected":false},"author":4,"featured_media":3134,"comment_status":"open","ping_status":"open","sticky":false,"template":"","format":"standard","meta":[],"categories":[24,11],"tags":[90,104,37,108,102,105],"_links":{"self":[{"href":"https:\/\/www.trewsitiweb.it\/blog\/wp-json\/wp\/v2\/posts\/3120"}],"collection":[{"href":"https:\/\/www.trewsitiweb.it\/blog\/wp-json\/wp\/v2\/posts"}],"about":[{"href":"https:\/\/www.trewsitiweb.it\/blog\/wp-json\/wp\/v2\/types\/post"}],"author":[{"embeddable":true,"href":"https:\/\/www.trewsitiweb.it\/blog\/wp-json\/wp\/v2\/users\/4"}],"replies":[{"embeddable":true,"href":"https:\/\/www.trewsitiweb.it\/blog\/wp-json\/wp\/v2\/comments?post=3120"}],"version-history":[{"count":16,"href":"https:\/\/www.trewsitiweb.it\/blog\/wp-json\/wp\/v2\/posts\/3120\/revisions"}],"predecessor-version":[{"id":3145,"href":"https:\/\/www.trewsitiweb.it\/blog\/wp-json\/wp\/v2\/posts\/3120\/revisions\/3145"}],"wp:featuredmedia":[{"embeddable":true,"href":"https:\/\/www.trewsitiweb.it\/blog\/wp-json\/wp\/v2\/media\/3134"}],"wp:attachment":[{"href":"https:\/\/www.trewsitiweb.it\/blog\/wp-json\/wp\/v2\/media?parent=3120"}],"wp:term":[{"taxonomy":"category","embeddable":true,"href":"https:\/\/www.trewsitiweb.it\/blog\/wp-json\/wp\/v2\/categories?post=3120"},{"taxonomy":"post_tag","embeddable":true,"href":"https:\/\/www.trewsitiweb.it\/blog\/wp-json\/wp\/v2\/tags?post=3120"}],"curies":[{"name":"wp","href":"https:\/\/api.w.org\/{rel}","templated":true}]}}